{"id":2533,"date":"2019-11-07T11:59:16","date_gmt":"2019-11-07T10:59:16","guid":{"rendered":"https:\/\/www.wolllust-berlin.de\/?p=2533"},"modified":"2019-11-06T23:44:47","modified_gmt":"2019-11-06T22:44:47","slug":"modell-der-woche-16","status":"publish","type":"post","link":"https:\/\/www.wolllust-berlin.de\/?p=2533","title":{"rendered":"Modell der Woche"},"content":{"rendered":"\n<p>Ist denn schon wieder Donnerstag? Ja! Und ist ein neues Modell der Woche f\u00e4llig? Auf jeden Fall!!!<\/p>\n\n\n\n<p>Modisch und warm durch die kalte Jahreszeit &#8211; was ist da sch\u00f6ner als ein Strickpullover mit einer faszinierenden Konstruktion aus einem Garn, das durch sein tolles Farbenspiel besticht? Und genau solch ein Pullover ist das aktuelle Modell der Woche: <a href=\"https:\/\/www.die-wolllust.de\/shop\/Anleitungen-Muster\/Pullis\/Colorways-2-Pullover::18246.html\">der Pullover<\/a> aus der Mappe *ColorWays 2*, im Original gestrickt aus der wunderbar vielseitigen <a href=\"https:\/\/www.die-wolllust.de\/shop\/Garne-Wolle\/Filace-Medium\/Filace-Moira:::614_617_673.html\">Filace Moira<\/a>. <br><\/p>\n\n\n\n<ul class=\"wp-block-gallery columns-2 is-cropped\"><li class=\"blocks-gallery-item\"><figure><img loading=\"lazy\" width=\"600\" height=\"600\" src=\"https:\/\/www.wolllust-berlin.de\/wp-content\/uploads\/2019\/11\/CW2-Pullover.jpg\" alt=\"\" data-id=\"2534\" data-link=\"https:\/\/www.wolllust-berlin.de\/?attachment_id=2534\" class=\"wp-image-2534\" srcset=\"https:\/\/www.wolllust-berlin.de\/wp-content\/uploads\/2019\/11\/CW2-Pullover.jpg 600w, https:\/\/www.wolllust-berlin.de\/wp-content\/uploads\/2019\/11\/CW2-Pullover-150x150.jpg 150w, https:\/\/www.wolllust-berlin.de\/wp-content\/uploads\/2019\/11\/CW2-Pullover-300x300.jpg 300w\" sizes=\"(max-width: 600px) 100vw, 600px\" \/><figcaption>Lieber dunkel&#8230;<\/figcaption><\/figure><\/li><li class=\"blocks-gallery-item\"><figure><img loading=\"lazy\" width=\"600\" height=\"600\" src=\"https:\/\/www.wolllust-berlin.de\/wp-content\/uploads\/2019\/11\/CW2-Pullover-hell.jpg\" alt=\"\" data-id=\"2535\" data-link=\"https:\/\/www.wolllust-berlin.de\/?attachment_id=2535\" class=\"wp-image-2535\" srcset=\"https:\/\/www.wolllust-berlin.de\/wp-content\/uploads\/2019\/11\/CW2-Pullover-hell.jpg 600w, https:\/\/www.wolllust-berlin.de\/wp-content\/uploads\/2019\/11\/CW2-Pullover-hell-150x150.jpg 150w, https:\/\/www.wolllust-berlin.de\/wp-content\/uploads\/2019\/11\/CW2-Pullover-hell-300x300.jpg 300w\" sizes=\"(max-width: 600px) 100vw, 600px\" \/><figcaption>&#8230;oder doch eher hell?<\/figcaption><\/figure><\/li><\/ul>\n\n\n\n<p>Ob nun dunkel, oder hell, oder in einem der vielen anderen Farbverl\u00e4ufe &#8211; der Pullover l\u00e4sst sich super stricken! Er wird an einem St\u00fcck in verschiedene Richtungen gestrickt und hat keine N\u00e4hte. Die Gr\u00f6\u00dfe kann individuell angepasst werden, und die Musterverteilung ist variabel. So wird jeder einzelne Pullover zum Unikat. <\/p>\n\n\n\n<p>Wer sich auch einen einzigartigen Pullover stricken m\u00f6chte, bekommt bis einschlie\u00dflich Donnerstag, den 14.11., einen Rabatt von 25% auf <a href=\"https:\/\/www.die-wolllust.de\/shop\/Anleitungen-Muster\/Pullis\/Colorways-2-Pullover::18246.html\">die Anleitung<\/a>. <\/p>\n","protected":false},"excerpt":{"rendered":"<p>Ist denn schon wieder Donnerstag? Ja! Und ist ein neues Modell der Woche f\u00e4llig? Auf jeden Fall!!! Modisch und warm durch die kalte Jahreszeit &#8211; was ist da sch\u00f6ner als ein Strickpullover mit einer faszinierenden Konstruktion aus einem Garn, das &hellip; <a href=\"https:\/\/www.wolllust-berlin.de\/?p=2533\">Weiterlesen <span class=\"meta-nav\">&rarr;<\/span><\/a><\/p>\n","protected":false},"author":8,"featured_media":0,"comment_status":"open","ping_status":"open","sticky":false,"template":"","format":"standard","meta":[],"categories":[69],"tags":[127,126,15],"_links":{"self":[{"href":"https:\/\/www.wolllust-berlin.de\/index.php?rest_route=\/wp\/v2\/posts\/2533"}],"collection":[{"href":"https:\/\/www.wolllust-berlin.de\/index.php?rest_route=\/wp\/v2\/posts"}],"about":[{"href":"https:\/\/www.wolllust-berlin.de\/index.php?rest_route=\/wp\/v2\/types\/post"}],"author":[{"embeddable":true,"href":"https:\/\/www.wolllust-berlin.de\/index.php?rest_route=\/wp\/v2\/users\/8"}],"replies":[{"embeddable":true,"href":"https:\/\/www.wolllust-berlin.de\/index.php?rest_route=%2Fwp%2Fv2%2Fcomments&post=2533"}],"version-history":[{"count":1,"href":"https:\/\/www.wolllust-berlin.de\/index.php?rest_route=\/wp\/v2\/posts\/2533\/revisions"}],"predecessor-version":[{"id":2536,"href":"https:\/\/www.wolllust-berlin.de\/index.php?rest_route=\/wp\/v2\/posts\/2533\/revisions\/2536"}],"wp:attachment":[{"href":"https:\/\/www.wolllust-berlin.de\/index.php?rest_route=%2Fwp%2Fv2%2Fmedia&parent=2533"}],"wp:term":[{"taxonomy":"category","embeddable":true,"href":"https:\/\/www.wolllust-berlin.de\/index.php?rest_route=%2Fwp%2Fv2%2Fcategories&post=2533"},{"taxonomy":"post_tag","embeddable":true,"href":"https:\/\/www.wolllust-berlin.de\/index.php?rest_route=%2Fwp%2Fv2%2Ftags&post=2533"}],"curies":[{"name":"wp","href":"https:\/\/api.w.org\/{rel}","templated":true}]}}