{"id":2480,"date":"2019-10-22T11:05:35","date_gmt":"2019-10-22T10:05:35","guid":{"rendered":"https:\/\/www.wolllust-berlin.de\/?p=2480"},"modified":"2019-10-19T10:45:52","modified_gmt":"2019-10-19T09:45:52","slug":"zartes-tuch-im-langen-farbverlauf-bellamia","status":"publish","type":"post","link":"https:\/\/www.wolllust-berlin.de\/?p=2480","title":{"rendered":"Zartes Tuch im langen Farbverlauf &#8211; *BellaMia*"},"content":{"rendered":"\n<p>Auch in Sachen Halsbekleidung kam und kommt wieder Neues in den Shop. Bislang gab es das Tuch <a href=\"https:\/\/www.die-wolllust.de\/shop\/Anleitungen-Muster\/Tuecher\/Tuch-BellaMia::18797.html\">*BellaMia* <\/a>als Beigabe beim Kauf von 100 Gramm oder mehr des gleichnamigen gefachten Designergarns <a href=\"https:\/\/www.die-wolllust.de\/shop\/Garne-Wolle\/Filace-Lace\/Filace-BellaMia:::614_616_683.html\">BellaMia Summer<\/a>. <\/p>\n\n\n\n<p>Inzwischen ist das Tuch *BellaMia* auch separat zum Kauf erh\u00e4ltlich.<br><a href=\"https:\/\/www.die-wolllust.de\/shop\/Anleitungen-Muster\/Tuecher\/Tuch-BellaMia::18797.html\">*BellaMia*<\/a> ist ein sch\u00f6nes Bananentuch mit einem glatt rechts gestrickten Innenteil und einem zickzackf\u00f6rmigen \u00dcbergang zu einer breiten, luftigen Strickspitze. Aber seht selbst: <\/p>\n\n\n\n<ul class=\"wp-block-gallery columns-2 is-cropped\"><li class=\"blocks-gallery-item\"><figure><img loading=\"lazy\" width=\"300\" height=\"400\" src=\"https:\/\/www.wolllust-berlin.de\/wp-content\/uploads\/2019\/10\/BellaMiaTuchvonvorn.jpg\" alt=\"\" data-id=\"2481\" data-link=\"https:\/\/www.wolllust-berlin.de\/?attachment_id=2481\" class=\"wp-image-2481\" srcset=\"https:\/\/www.wolllust-berlin.de\/wp-content\/uploads\/2019\/10\/BellaMiaTuchvonvorn.jpg 300w, https:\/\/www.wolllust-berlin.de\/wp-content\/uploads\/2019\/10\/BellaMiaTuchvonvorn-225x300.jpg 225w\" sizes=\"(max-width: 300px) 100vw, 300px\" \/><figcaption>*BellaMia* &#8211; von vorn &#8230; <\/figcaption><\/figure><\/li><li class=\"blocks-gallery-item\"><figure><img loading=\"lazy\" width=\"300\" height=\"400\" src=\"https:\/\/www.wolllust-berlin.de\/wp-content\/uploads\/2019\/10\/BellaMiaTuchvonhinten.jpg\" alt=\"\" data-id=\"2482\" data-link=\"https:\/\/www.wolllust-berlin.de\/?attachment_id=2482\" class=\"wp-image-2482\" srcset=\"https:\/\/www.wolllust-berlin.de\/wp-content\/uploads\/2019\/10\/BellaMiaTuchvonhinten.jpg 300w, https:\/\/www.wolllust-berlin.de\/wp-content\/uploads\/2019\/10\/BellaMiaTuchvonhinten-225x300.jpg 225w\" sizes=\"(max-width: 300px) 100vw, 300px\" \/><figcaption>&#8230;wie von hinten eine Augenweide!<\/figcaption><\/figure><\/li><\/ul>\n\n\n\n<p><strong>Gr\u00f6\u00dfe:<\/strong>&nbsp;ca. 45 x 175 cm (variabel)<br><strong>Garn:<\/strong>&nbsp;Lacegarn<br><strong>Original-Garn:<\/strong><a href=\"https:\/\/www.die-wolllust.de\/shop\/Garne-Wolle\/Filace-Lace\/Filace-BellaMia:::614_616_683.html\"> Filace BellaMia<\/a> (660 m \/ 100 g)<br><strong>Verbrauch:<\/strong>&nbsp;ca. 420 m<br><strong>Nadelst\u00e4rke:<\/strong>&nbsp;4,5 bis 5,0<br><strong>Schwierigkeitsgrad: 2-3<\/strong> (1 leicht \u2013 5 schwer)\n\n<\/p>\n","protected":false},"excerpt":{"rendered":"<p>Auch in Sachen Halsbekleidung kam und kommt wieder Neues in den Shop. Bislang gab es das Tuch *BellaMia* als Beigabe beim Kauf von 100 Gramm oder mehr des gleichnamigen gefachten Designergarns BellaMia Summer. Inzwischen ist das Tuch *BellaMia* auch separat &hellip; <a href=\"https:\/\/www.wolllust-berlin.de\/?p=2480\">Weiterlesen <span class=\"meta-nav\">&rarr;<\/span><\/a><\/p>\n","protected":false},"author":8,"featured_media":0,"comment_status":"open","ping_status":"open","sticky":false,"template":"","format":"standard","meta":[],"categories":[8],"tags":[107,15,26],"_links":{"self":[{"href":"https:\/\/www.wolllust-berlin.de\/index.php?rest_route=\/wp\/v2\/posts\/2480"}],"collection":[{"href":"https:\/\/www.wolllust-berlin.de\/index.php?rest_route=\/wp\/v2\/posts"}],"about":[{"href":"https:\/\/www.wolllust-berlin.de\/index.php?rest_route=\/wp\/v2\/types\/post"}],"author":[{"embeddable":true,"href":"https:\/\/www.wolllust-berlin.de\/index.php?rest_route=\/wp\/v2\/users\/8"}],"replies":[{"embeddable":true,"href":"https:\/\/www.wolllust-berlin.de\/index.php?rest_route=%2Fwp%2Fv2%2Fcomments&post=2480"}],"version-history":[{"count":2,"href":"https:\/\/www.wolllust-berlin.de\/index.php?rest_route=\/wp\/v2\/posts\/2480\/revisions"}],"predecessor-version":[{"id":2487,"href":"https:\/\/www.wolllust-berlin.de\/index.php?rest_route=\/wp\/v2\/posts\/2480\/revisions\/2487"}],"wp:attachment":[{"href":"https:\/\/www.wolllust-berlin.de\/index.php?rest_route=%2Fwp%2Fv2%2Fmedia&parent=2480"}],"wp:term":[{"taxonomy":"category","embeddable":true,"href":"https:\/\/www.wolllust-berlin.de\/index.php?rest_route=%2Fwp%2Fv2%2Fcategories&post=2480"},{"taxonomy":"post_tag","embeddable":true,"href":"https:\/\/www.wolllust-berlin.de\/index.php?rest_route=%2Fwp%2Fv2%2Ftags&post=2480"}],"curies":[{"name":"wp","href":"https:\/\/api.w.org\/{rel}","templated":true}]}}